[{"@context":"https:\/\/schema.org\/","@type":"Blog","@id":"https:\/\/www.onidou.fr#Blog","headline":"onidou.fr","description":"","url":"https:\/\/www.onidou.fr","hasPart":[{"@type":"Article","@id":"https:\/\/www.onidou.fr\/j-aime-toujours-voler\/","headline":"J&#8217;aime toujours voler","url":"https:\/\/www.onidou.fr\/j-aime-toujours-voler\/","datePublished":"2022-09-18","dateModified":"2022-09-18","mainEntityOfPage":"https:\/\/www.onidou.fr\/j-aime-toujours-voler\/","author":{"@type":"Person","@id":"https:\/\/www.onidou.fr\/author\/devene\/#Person","name":"devene","url":"https:\/\/www.onidou.fr\/author\/devene\/","identifier":1,"image":{"@type":"ImageObject","@id":"https:\/\/secure.gravatar.com\/avatar\/505fff4dce96a6fd9b2c3bab9d6ad2c90e3ce4a797f024fc5ad345c11f66ba90?s=96&d=mm&r=g","url":"https:\/\/secure.gravatar.com\/avatar\/505fff4dce96a6fd9b2c3bab9d6ad2c90e3ce4a797f024fc5ad345c11f66ba90?s=96&d=mm&r=g","height":96,"width":96}},"publisher":{"@type":"Organization","name":"onidou.fr","logo":{"@type":"ImageObject","@id":"\/logo.png","url":"\/logo.png","width":600,"height":60}},"image":{"@type":"ImageObject","@id":"https:\/\/www.onidou.fr\/wp-content\/uploads\/llll_10_1.jpg","url":"https:\/\/www.onidou.fr\/wp-content\/uploads\/llll_10_1.jpg","height":0,"width":0},"wordCount":645,"keywords":null},{"@type":"Article","@id":"https:\/\/www.onidou.fr\/a-la-fois-altruisme-et-sensualite\/","headline":"\u00e0 la fois altruisme et sensualit\u00e9","url":"https:\/\/www.onidou.fr\/a-la-fois-altruisme-et-sensualite\/","datePublished":"2022-09-11","dateModified":"2022-09-11","mainEntityOfPage":"https:\/\/www.onidou.fr\/a-la-fois-altruisme-et-sensualite\/","author":{"@type":"Person","@id":"https:\/\/www.onidou.fr\/author\/devene\/#Person","name":"devene","url":"https:\/\/www.onidou.fr\/author\/devene\/","identifier":1,"image":{"@type":"ImageObject","@id":"https:\/\/secure.gravatar.com\/avatar\/505fff4dce96a6fd9b2c3bab9d6ad2c90e3ce4a797f024fc5ad345c11f66ba90?s=96&d=mm&r=g","url":"https:\/\/secure.gravatar.com\/avatar\/505fff4dce96a6fd9b2c3bab9d6ad2c90e3ce4a797f024fc5ad345c11f66ba90?s=96&d=mm&r=g","height":96,"width":96}},"publisher":{"@type":"Organization","name":"onidou.fr","logo":{"@type":"ImageObject","@id":"\/logo.png","url":"\/logo.png","width":600,"height":60}},"image":{"@type":"ImageObject","@id":"https:\/\/www.onidou.fr\/wp-content\/uploads\/img_a277452_w1754_t1601796900.png","url":"https:\/\/www.onidou.fr\/wp-content\/uploads\/img_a277452_w1754_t1601796900.png","height":0,"width":0},"wordCount":503,"keywords":null},{"@type":"Article","@id":"https:\/\/www.onidou.fr\/tout-le-monde-veut-connaitre-l-amour\/","headline":"Tout le monde veut conna\u00eetre l&#8217;amour","url":"https:\/\/www.onidou.fr\/tout-le-monde-veut-connaitre-l-amour\/","datePublished":"2022-09-11","dateModified":"2022-09-11","mainEntityOfPage":"https:\/\/www.onidou.fr\/tout-le-monde-veut-connaitre-l-amour\/","author":{"@type":"Person","@id":"https:\/\/www.onidou.fr\/author\/devene\/#Person","name":"devene","url":"https:\/\/www.onidou.fr\/author\/devene\/","identifier":1,"image":{"@type":"ImageObject","@id":"https:\/\/secure.gravatar.com\/avatar\/505fff4dce96a6fd9b2c3bab9d6ad2c90e3ce4a797f024fc5ad345c11f66ba90?s=96&d=mm&r=g","url":"https:\/\/secure.gravatar.com\/avatar\/505fff4dce96a6fd9b2c3bab9d6ad2c90e3ce4a797f024fc5ad345c11f66ba90?s=96&d=mm&r=g","height":96,"width":96}},"publisher":{"@type":"Organization","name":"onidou.fr","logo":{"@type":"ImageObject","@id":"\/logo.png","url":"\/logo.png","width":600,"height":60}},"image":{"@type":"ImageObject","@id":"https:\/\/www.onidou.fr\/wp-content\/uploads\/valentines-day-4805916_640.jpg","url":"https:\/\/www.onidou.fr\/wp-content\/uploads\/valentines-day-4805916_640.jpg","height":0,"width":0},"wordCount":474,"keywords":null},{"@type":"Article","@id":"https:\/\/www.onidou.fr\/les-zebres-reines-de-la-savane\/","headline":"Les z\u00e8bres, reines de la savane","url":"https:\/\/www.onidou.fr\/les-zebres-reines-de-la-savane\/","datePublished":"2022-08-07","dateModified":"2022-08-07","mainEntityOfPage":"https:\/\/www.onidou.fr\/les-zebres-reines-de-la-savane\/","author":{"@type":"Person","@id":"https:\/\/www.onidou.fr\/author\/devene\/#Person","name":"devene","url":"https:\/\/www.onidou.fr\/author\/devene\/","identifier":1,"image":{"@type":"ImageObject","@id":"https:\/\/secure.gravatar.com\/avatar\/505fff4dce96a6fd9b2c3bab9d6ad2c90e3ce4a797f024fc5ad345c11f66ba90?s=96&d=mm&r=g","url":"https:\/\/secure.gravatar.com\/avatar\/505fff4dce96a6fd9b2c3bab9d6ad2c90e3ce4a797f024fc5ad345c11f66ba90?s=96&d=mm&r=g","height":96,"width":96}},"publisher":{"@type":"Organization","name":"onidou.fr","logo":{"@type":"ImageObject","@id":"\/logo.png","url":"\/logo.png","width":600,"height":60}},"image":{"@type":"ImageObject","@id":"https:\/\/www.onidou.fr\/wp-content\/uploads\/img_a279564_w1893_t1602932141.jpg","url":"https:\/\/www.onidou.fr\/wp-content\/uploads\/img_a279564_w1893_t1602932141.jpg","height":0,"width":0},"wordCount":592,"keywords":null},{"@type":"Article","@id":"https:\/\/www.onidou.fr\/la-peau-en-hiver-necessite-des-soins-particuliers\/","headline":"La peau en hiver n\u00e9cessite des soins particuliers.","url":"https:\/\/www.onidou.fr\/la-peau-en-hiver-necessite-des-soins-particuliers\/","datePublished":"2022-07-20","dateModified":"2022-07-20","mainEntityOfPage":"https:\/\/www.onidou.fr\/la-peau-en-hiver-necessite-des-soins-particuliers\/","author":{"@type":"Person","@id":"https:\/\/www.onidou.fr\/author\/devene\/#Person","name":"devene","url":"https:\/\/www.onidou.fr\/author\/devene\/","identifier":1,"image":{"@type":"ImageObject","@id":"https:\/\/secure.gravatar.com\/avatar\/505fff4dce96a6fd9b2c3bab9d6ad2c90e3ce4a797f024fc5ad345c11f66ba90?s=96&d=mm&r=g","url":"https:\/\/secure.gravatar.com\/avatar\/505fff4dce96a6fd9b2c3bab9d6ad2c90e3ce4a797f024fc5ad345c11f66ba90?s=96&d=mm&r=g","height":96,"width":96}},"publisher":{"@type":"Organization","name":"onidou.fr","logo":{"@type":"ImageObject","@id":"\/logo.png","url":"\/logo.png","width":600,"height":60}},"image":{"@type":"ImageObject","@id":"https:\/\/www.onidou.fr\/wp-content\/uploads\/winter-7506621_640.jpg","url":"https:\/\/www.onidou.fr\/wp-content\/uploads\/winter-7506621_640.jpg","height":0,"width":0},"wordCount":637,"keywords":null},{"@type":"Article","@id":"https:\/\/www.onidou.fr\/comment-proteger-votre-animal-contre-lescommence\/","headline":"Comment prot\u00e9ger votre animal contre lescommence","url":"https:\/\/www.onidou.fr\/comment-proteger-votre-animal-contre-lescommence\/","datePublished":"2022-07-11","dateModified":"2022-07-11","mainEntityOfPage":"https:\/\/www.onidou.fr\/comment-proteger-votre-animal-contre-lescommence\/","author":{"@type":"Person","@id":"https:\/\/www.onidou.fr\/author\/devene\/#Person","name":"devene","url":"https:\/\/www.onidou.fr\/author\/devene\/","identifier":1,"image":{"@type":"ImageObject","@id":"https:\/\/secure.gravatar.com\/avatar\/505fff4dce96a6fd9b2c3bab9d6ad2c90e3ce4a797f024fc5ad345c11f66ba90?s=96&d=mm&r=g","url":"https:\/\/secure.gravatar.com\/avatar\/505fff4dce96a6fd9b2c3bab9d6ad2c90e3ce4a797f024fc5ad345c11f66ba90?s=96&d=mm&r=g","height":96,"width":96}},"publisher":{"@type":"Organization","name":"onidou.fr","logo":{"@type":"ImageObject","@id":"\/logo.png","url":"\/logo.png","width":600,"height":60}},"image":{"@type":"ImageObject","@id":"https:\/\/www.onidou.fr\/wp-content\/uploads\/img_a340604_w2505_t1553536101.jpg_1..jpg","url":"https:\/\/www.onidou.fr\/wp-content\/uploads\/img_a340604_w2505_t1553536101.jpg_1..jpg","height":0,"width":0},"wordCount":545,"keywords":null},{"@type":"Article","@id":"https:\/\/www.onidou.fr\/les-animaux-ne-doivent-pas-etre-emmenes-aux-fetes-d-anniversaire\/","headline":"Les animaux ne doivent pas \u00eatre emmen\u00e9s aux f\u00eates d&#8217;anniversaire","url":"https:\/\/www.onidou.fr\/les-animaux-ne-doivent-pas-etre-emmenes-aux-fetes-d-anniversaire\/","datePublished":"2022-06-20","dateModified":"2022-06-20","mainEntityOfPage":"https:\/\/www.onidou.fr\/les-animaux-ne-doivent-pas-etre-emmenes-aux-fetes-d-anniversaire\/","author":{"@type":"Person","@id":"https:\/\/www.onidou.fr\/author\/devene\/#Person","name":"devene","url":"https:\/\/www.onidou.fr\/author\/devene\/","identifier":1,"image":{"@type":"ImageObject","@id":"https:\/\/secure.gravatar.com\/avatar\/505fff4dce96a6fd9b2c3bab9d6ad2c90e3ce4a797f024fc5ad345c11f66ba90?s=96&d=mm&r=g","url":"https:\/\/secure.gravatar.com\/avatar\/505fff4dce96a6fd9b2c3bab9d6ad2c90e3ce4a797f024fc5ad345c11f66ba90?s=96&d=mm&r=g","height":96,"width":96}},"publisher":{"@type":"Organization","name":"onidou.fr","logo":{"@type":"ImageObject","@id":"\/logo.png","url":"\/logo.png","width":600,"height":60}},"image":{"@type":"ImageObject","@id":"https:\/\/www.onidou.fr\/wp-content\/uploads\/dort_2.JPG","url":"https:\/\/www.onidou.fr\/wp-content\/uploads\/dort_2.JPG","height":0,"width":0},"wordCount":562,"keywords":null},{"@type":"Article","@id":"https:\/\/www.onidou.fr\/produits-de-beaute\/","headline":"Produits de beaut\u00e9","url":"https:\/\/www.onidou.fr\/produits-de-beaute\/","datePublished":"2022-06-20","dateModified":"2022-06-20","mainEntityOfPage":"https:\/\/www.onidou.fr\/produits-de-beaute\/","author":{"@type":"Person","@id":"https:\/\/www.onidou.fr\/author\/devene\/#Person","name":"devene","url":"https:\/\/www.onidou.fr\/author\/devene\/","identifier":1,"image":{"@type":"ImageObject","@id":"https:\/\/secure.gravatar.com\/avatar\/505fff4dce96a6fd9b2c3bab9d6ad2c90e3ce4a797f024fc5ad345c11f66ba90?s=96&d=mm&r=g","url":"https:\/\/secure.gravatar.com\/avatar\/505fff4dce96a6fd9b2c3bab9d6ad2c90e3ce4a797f024fc5ad345c11f66ba90?s=96&d=mm&r=g","height":96,"width":96}},"publisher":{"@type":"Organization","name":"onidou.fr","logo":{"@type":"ImageObject","@id":"\/logo.png","url":"\/logo.png","width":600,"height":60}},"image":null,"wordCount":362,"keywords":null},{"@type":"Article","@id":"https:\/\/www.onidou.fr\/legumes-biologiques-dans-le-jardin\/","headline":"L\u00e9gumes biologiques dans le jardin","url":"https:\/\/www.onidou.fr\/legumes-biologiques-dans-le-jardin\/","datePublished":"2022-06-09","dateModified":"2022-06-09","mainEntityOfPage":"https:\/\/www.onidou.fr\/legumes-biologiques-dans-le-jardin\/","author":{"@type":"Person","@id":"https:\/\/www.onidou.fr\/author\/devene\/#Person","name":"devene","url":"https:\/\/www.onidou.fr\/author\/devene\/","identifier":1,"image":{"@type":"ImageObject","@id":"https:\/\/secure.gravatar.com\/avatar\/505fff4dce96a6fd9b2c3bab9d6ad2c90e3ce4a797f024fc5ad345c11f66ba90?s=96&d=mm&r=g","url":"https:\/\/secure.gravatar.com\/avatar\/505fff4dce96a6fd9b2c3bab9d6ad2c90e3ce4a797f024fc5ad345c11f66ba90?s=96&d=mm&r=g","height":96,"width":96}},"publisher":{"@type":"Organization","name":"onidou.fr","logo":{"@type":"ImageObject","@id":"\/logo.png","url":"\/logo.png","width":600,"height":60}},"image":{"@type":"ImageObject","@id":"https:\/\/www.onidou.fr\/wp-content\/uploads\/cucumbers-849269_1280.jpg","url":"https:\/\/www.onidou.fr\/wp-content\/uploads\/cucumbers-849269_1280.jpg","height":0,"width":0},"wordCount":448,"keywords":null},{"@type":"Article","@id":"https:\/\/www.onidou.fr\/parfois-il-vaut-mieux-attendre\/","headline":"Parfois, il vaut mieux attendre","url":"https:\/\/www.onidou.fr\/parfois-il-vaut-mieux-attendre\/","datePublished":"2022-06-04","dateModified":"2022-06-04","mainEntityOfPage":"https:\/\/www.onidou.fr\/parfois-il-vaut-mieux-attendre\/","author":{"@type":"Person","@id":"https:\/\/www.onidou.fr\/author\/devene\/#Person","name":"devene","url":"https:\/\/www.onidou.fr\/author\/devene\/","identifier":1,"image":{"@type":"ImageObject","@id":"https:\/\/secure.gravatar.com\/avatar\/505fff4dce96a6fd9b2c3bab9d6ad2c90e3ce4a797f024fc5ad345c11f66ba90?s=96&d=mm&r=g","url":"https:\/\/secure.gravatar.com\/avatar\/505fff4dce96a6fd9b2c3bab9d6ad2c90e3ce4a797f024fc5ad345c11f66ba90?s=96&d=mm&r=g","height":96,"width":96}},"publisher":{"@type":"Organization","name":"onidou.fr","logo":{"@type":"ImageObject","@id":"\/logo.png","url":"\/logo.png","width":600,"height":60}},"image":{"@type":"ImageObject","@id":"https:\/\/www.onidou.fr\/wp-content\/uploads\/l%C3%A1ska_5.jpg_1..jpg","url":"https:\/\/www.onidou.fr\/wp-content\/uploads\/l%C3%A1ska_5.jpg_1..jpg","height":0,"width":0},"wordCount":741,"keywords":null}]},{"@context":"https:\/\/schema.org","@type":"WebSite","@id":"https:\/\/www.onidou.fr\/#website","name":"onidou.fr","url":"https:\/\/www.onidou.fr","potentialAction":{"@type":"SearchAction","target":"https:\/\/www.onidou.fr\/?s={search_term_string}","query-input":"required name=search_term_string"}}]