{"@context":"https:\/\/schema.org\/","@type":"CollectionPage","@id":"https:\/\/www.onidou.fr\/enfants\/#CollectionPage","headline":"Enfants Category","description":"","url":"https:\/\/www.onidou.fr\/enfants\/","hasPart":[{"@type":"Article","@id":"https:\/\/www.onidou.fr\/mon-fils-me-derange\/","headline":"Mon fils me d\u00e9range","url":"https:\/\/www.onidou.fr\/mon-fils-me-derange\/","datePublished":"2024-07-23","dateModified":"2024-07-23","mainEntityOfPage":"https:\/\/www.onidou.fr\/mon-fils-me-derange\/","author":{"@type":"Person","@id":"https:\/\/www.onidou.fr\/author\/devene\/#Person","name":"devene","url":"https:\/\/www.onidou.fr\/author\/devene\/","identifier":1,"image":{"@type":"ImageObject","@id":"https:\/\/secure.gravatar.com\/avatar\/505fff4dce96a6fd9b2c3bab9d6ad2c90e3ce4a797f024fc5ad345c11f66ba90?s=96&d=mm&r=g","url":"https:\/\/secure.gravatar.com\/avatar\/505fff4dce96a6fd9b2c3bab9d6ad2c90e3ce4a797f024fc5ad345c11f66ba90?s=96&d=mm&r=g","height":96,"width":96}},"publisher":{"@type":"Organization","name":"onidou.fr","logo":{"@type":"ImageObject","@id":"\/logo.png","url":"\/logo.png","width":600,"height":60}},"image":null,"keywords":null},{"@type":"Article","@id":"https:\/\/www.onidou.fr\/eviter-la-peur\/","headline":"\u00c9viter la peur","url":"https:\/\/www.onidou.fr\/eviter-la-peur\/","datePublished":"2024-03-10","dateModified":"2024-03-10","mainEntityOfPage":"https:\/\/www.onidou.fr\/eviter-la-peur\/","author":{"@type":"Person","@id":"https:\/\/www.onidou.fr\/author\/devene\/#Person","name":"devene","url":"https:\/\/www.onidou.fr\/author\/devene\/","identifier":1,"image":{"@type":"ImageObject","@id":"https:\/\/secure.gravatar.com\/avatar\/505fff4dce96a6fd9b2c3bab9d6ad2c90e3ce4a797f024fc5ad345c11f66ba90?s=96&d=mm&r=g","url":"https:\/\/secure.gravatar.com\/avatar\/505fff4dce96a6fd9b2c3bab9d6ad2c90e3ce4a797f024fc5ad345c11f66ba90?s=96&d=mm&r=g","height":96,"width":96}},"publisher":{"@type":"Organization","name":"onidou.fr","logo":{"@type":"ImageObject","@id":"\/logo.png","url":"\/logo.png","width":600,"height":60}},"image":{"@type":"ImageObject","@id":"https:\/\/www.onidou.fr\/wp-content\/uploads\/d%C4%9Bti%20v%20baz%C3%A9nu_10_8.jpg","url":"https:\/\/www.onidou.fr\/wp-content\/uploads\/d%C4%9Bti%20v%20baz%C3%A9nu_10_8.jpg","height":0,"width":0},"keywords":null},{"@type":"Article","@id":"https:\/\/www.onidou.fr\/enfants-et-infertilite\/","headline":"Enfants et infertilit\u00e9","url":"https:\/\/www.onidou.fr\/enfants-et-infertilite\/","datePublished":"2024-03-02","dateModified":"2024-03-02","mainEntityOfPage":"https:\/\/www.onidou.fr\/enfants-et-infertilite\/","author":{"@type":"Person","@id":"https:\/\/www.onidou.fr\/author\/devene\/#Person","name":"devene","url":"https:\/\/www.onidou.fr\/author\/devene\/","identifier":1,"image":{"@type":"ImageObject","@id":"https:\/\/secure.gravatar.com\/avatar\/505fff4dce96a6fd9b2c3bab9d6ad2c90e3ce4a797f024fc5ad345c11f66ba90?s=96&d=mm&r=g","url":"https:\/\/secure.gravatar.com\/avatar\/505fff4dce96a6fd9b2c3bab9d6ad2c90e3ce4a797f024fc5ad345c11f66ba90?s=96&d=mm&r=g","height":96,"width":96}},"publisher":{"@type":"Organization","name":"onidou.fr","logo":{"@type":"ImageObject","@id":"\/logo.png","url":"\/logo.png","width":600,"height":60}},"image":{"@type":"ImageObject","@id":"https:\/\/www.onidou.fr\/wp-content\/uploads\/baby-1839565_1280.jpg","url":"https:\/\/www.onidou.fr\/wp-content\/uploads\/baby-1839565_1280.jpg","height":0,"width":0},"keywords":null},{"@type":"Article","@id":"https:\/\/www.onidou.fr\/l-education-n-est-pas-facile\/","headline":"L&#8217;\u00e9ducation n&#8217;est pas facile","url":"https:\/\/www.onidou.fr\/l-education-n-est-pas-facile\/","datePublished":"2023-10-11","dateModified":"2023-10-11","mainEntityOfPage":"https:\/\/www.onidou.fr\/l-education-n-est-pas-facile\/","author":{"@type":"Person","@id":"https:\/\/www.onidou.fr\/author\/devene\/#Person","name":"devene","url":"https:\/\/www.onidou.fr\/author\/devene\/","identifier":1,"image":{"@type":"ImageObject","@id":"https:\/\/secure.gravatar.com\/avatar\/505fff4dce96a6fd9b2c3bab9d6ad2c90e3ce4a797f024fc5ad345c11f66ba90?s=96&d=mm&r=g","url":"https:\/\/secure.gravatar.com\/avatar\/505fff4dce96a6fd9b2c3bab9d6ad2c90e3ce4a797f024fc5ad345c11f66ba90?s=96&d=mm&r=g","height":96,"width":96}},"publisher":{"@type":"Organization","name":"onidou.fr","logo":{"@type":"ImageObject","@id":"\/logo.png","url":"\/logo.png","width":600,"height":60}},"image":{"@type":"ImageObject","@id":"https:\/\/www.onidou.fr\/wp-content\/uploads\/home-5574909_640_3.jpg","url":"https:\/\/www.onidou.fr\/wp-content\/uploads\/home-5574909_640_3.jpg","height":0,"width":0},"keywords":null},{"@type":"Article","@id":"https:\/\/www.onidou.fr\/inconvenients-de-l-enseignement-a-domicile\/","headline":"Inconv\u00e9nients de l&#8217;enseignement \u00e0 domicile","url":"https:\/\/www.onidou.fr\/inconvenients-de-l-enseignement-a-domicile\/","datePublished":"2023-07-05","dateModified":"2023-07-05","mainEntityOfPage":"https:\/\/www.onidou.fr\/inconvenients-de-l-enseignement-a-domicile\/","author":{"@type":"Person","@id":"https:\/\/www.onidou.fr\/author\/devene\/#Person","name":"devene","url":"https:\/\/www.onidou.fr\/author\/devene\/","identifier":1,"image":{"@type":"ImageObject","@id":"https:\/\/secure.gravatar.com\/avatar\/505fff4dce96a6fd9b2c3bab9d6ad2c90e3ce4a797f024fc5ad345c11f66ba90?s=96&d=mm&r=g","url":"https:\/\/secure.gravatar.com\/avatar\/505fff4dce96a6fd9b2c3bab9d6ad2c90e3ce4a797f024fc5ad345c11f66ba90?s=96&d=mm&r=g","height":96,"width":96}},"publisher":{"@type":"Organization","name":"onidou.fr","logo":{"@type":"ImageObject","@id":"\/logo.png","url":"\/logo.png","width":600,"height":60}},"image":{"@type":"ImageObject","@id":"https:\/\/www.onidou.fr\/wp-content\/uploads\/family-g2303ceb45_640_9.jpg","url":"https:\/\/www.onidou.fr\/wp-content\/uploads\/family-g2303ceb45_640_9.jpg","height":0,"width":0},"keywords":null},{"@type":"Article","@id":"https:\/\/www.onidou.fr\/il-arrive-que-les-enfants-ne-comprennent-pas\/","headline":"Il arrive que les enfants ne comprennent pas","url":"https:\/\/www.onidou.fr\/il-arrive-que-les-enfants-ne-comprennent-pas\/","datePublished":"2023-01-30","dateModified":"2023-01-30","mainEntityOfPage":"https:\/\/www.onidou.fr\/il-arrive-que-les-enfants-ne-comprennent-pas\/","author":{"@type":"Person","@id":"https:\/\/www.onidou.fr\/author\/devene\/#Person","name":"devene","url":"https:\/\/www.onidou.fr\/author\/devene\/","identifier":1,"image":{"@type":"ImageObject","@id":"https:\/\/secure.gravatar.com\/avatar\/505fff4dce96a6fd9b2c3bab9d6ad2c90e3ce4a797f024fc5ad345c11f66ba90?s=96&d=mm&r=g","url":"https:\/\/secure.gravatar.com\/avatar\/505fff4dce96a6fd9b2c3bab9d6ad2c90e3ce4a797f024fc5ad345c11f66ba90?s=96&d=mm&r=g","height":96,"width":96}},"publisher":{"@type":"Organization","name":"onidou.fr","logo":{"@type":"ImageObject","@id":"\/logo.png","url":"\/logo.png","width":600,"height":60}},"image":null,"keywords":null},{"@type":"Article","@id":"https:\/\/www.onidou.fr\/les-enfants-ne-jouent-pas-tout-le-temps\/","headline":"Les enfants ne jouent pas tout le temps","url":"https:\/\/www.onidou.fr\/les-enfants-ne-jouent-pas-tout-le-temps\/","datePublished":"2022-12-07","dateModified":"2022-12-07","mainEntityOfPage":"https:\/\/www.onidou.fr\/les-enfants-ne-jouent-pas-tout-le-temps\/","author":{"@type":"Person","@id":"https:\/\/www.onidou.fr\/author\/devene\/#Person","name":"devene","url":"https:\/\/www.onidou.fr\/author\/devene\/","identifier":1,"image":{"@type":"ImageObject","@id":"https:\/\/secure.gravatar.com\/avatar\/505fff4dce96a6fd9b2c3bab9d6ad2c90e3ce4a797f024fc5ad345c11f66ba90?s=96&d=mm&r=g","url":"https:\/\/secure.gravatar.com\/avatar\/505fff4dce96a6fd9b2c3bab9d6ad2c90e3ce4a797f024fc5ad345c11f66ba90?s=96&d=mm&r=g","height":96,"width":96}},"publisher":{"@type":"Organization","name":"onidou.fr","logo":{"@type":"ImageObject","@id":"\/logo.png","url":"\/logo.png","width":600,"height":60}},"image":{"@type":"ImageObject","@id":"https:\/\/www.onidou.fr\/wp-content\/uploads\/music-818459_1280_2.jpg","url":"https:\/\/www.onidou.fr\/wp-content\/uploads\/music-818459_1280_2.jpg","height":0,"width":0},"keywords":null},{"@type":"Article","@id":"https:\/\/www.onidou.fr\/vyhody-domaciho-a-ete-cree-par-dti\/","headline":"V\u00fdhody dom\u00e1c\u00edho a \u00e9t\u00e9 cr\u00e9\u00e9 par dt\u00ed","url":"https:\/\/www.onidou.fr\/vyhody-domaciho-a-ete-cree-par-dti\/","datePublished":"2022-10-22","dateModified":"2022-10-22","mainEntityOfPage":"https:\/\/www.onidou.fr\/vyhody-domaciho-a-ete-cree-par-dti\/","author":{"@type":"Person","@id":"https:\/\/www.onidou.fr\/author\/devene\/#Person","name":"devene","url":"https:\/\/www.onidou.fr\/author\/devene\/","identifier":1,"image":{"@type":"ImageObject","@id":"https:\/\/secure.gravatar.com\/avatar\/505fff4dce96a6fd9b2c3bab9d6ad2c90e3ce4a797f024fc5ad345c11f66ba90?s=96&d=mm&r=g","url":"https:\/\/secure.gravatar.com\/avatar\/505fff4dce96a6fd9b2c3bab9d6ad2c90e3ce4a797f024fc5ad345c11f66ba90?s=96&d=mm&r=g","height":96,"width":96}},"publisher":{"@type":"Organization","name":"onidou.fr","logo":{"@type":"ImageObject","@id":"\/logo.png","url":"\/logo.png","width":600,"height":60}},"image":{"@type":"ImageObject","@id":"https:\/\/www.onidou.fr\/wp-content\/uploads\/skolka1_4.jpg","url":"https:\/\/www.onidou.fr\/wp-content\/uploads\/skolka1_4.jpg","height":0,"width":0},"keywords":null},{"@type":"Article","@id":"https:\/\/www.onidou.fr\/jours-apres-jours\/","headline":"Jours apr\u00e8s jours","url":"https:\/\/www.onidou.fr\/jours-apres-jours\/","datePublished":"2022-10-21","dateModified":"2022-10-21","mainEntityOfPage":"https:\/\/www.onidou.fr\/jours-apres-jours\/","author":{"@type":"Person","@id":"https:\/\/www.onidou.fr\/author\/devene\/#Person","name":"devene","url":"https:\/\/www.onidou.fr\/author\/devene\/","identifier":1,"image":{"@type":"ImageObject","@id":"https:\/\/secure.gravatar.com\/avatar\/505fff4dce96a6fd9b2c3bab9d6ad2c90e3ce4a797f024fc5ad345c11f66ba90?s=96&d=mm&r=g","url":"https:\/\/secure.gravatar.com\/avatar\/505fff4dce96a6fd9b2c3bab9d6ad2c90e3ce4a797f024fc5ad345c11f66ba90?s=96&d=mm&r=g","height":96,"width":96}},"publisher":{"@type":"Organization","name":"onidou.fr","logo":{"@type":"ImageObject","@id":"\/logo.png","url":"\/logo.png","width":600,"height":60}},"image":{"@type":"ImageObject","@id":"https:\/\/www.onidou.fr\/wp-content\/uploads\/family-7244468_640.jpg","url":"https:\/\/www.onidou.fr\/wp-content\/uploads\/family-7244468_640.jpg","height":0,"width":0},"keywords":null},{"@type":"Article","@id":"https:\/\/www.onidou.fr\/les-enfants-dans-les-films\/","headline":"Les enfants dans les films","url":"https:\/\/www.onidou.fr\/les-enfants-dans-les-films\/","datePublished":"2022-03-10","dateModified":"2022-03-10","mainEntityOfPage":"https:\/\/www.onidou.fr\/les-enfants-dans-les-films\/","author":{"@type":"Person","@id":"https:\/\/www.onidou.fr\/author\/devene\/#Person","name":"devene","url":"https:\/\/www.onidou.fr\/author\/devene\/","identifier":1,"image":{"@type":"ImageObject","@id":"https:\/\/secure.gravatar.com\/avatar\/505fff4dce96a6fd9b2c3bab9d6ad2c90e3ce4a797f024fc5ad345c11f66ba90?s=96&d=mm&r=g","url":"https:\/\/secure.gravatar.com\/avatar\/505fff4dce96a6fd9b2c3bab9d6ad2c90e3ce4a797f024fc5ad345c11f66ba90?s=96&d=mm&r=g","height":96,"width":96}},"publisher":{"@type":"Organization","name":"onidou.fr","logo":{"@type":"ImageObject","@id":"\/logo.png","url":"\/logo.png","width":600,"height":60}},"image":{"@type":"ImageObject","@id":"https:\/\/www.onidou.fr\/wp-content\/uploads\/myanmar-5204381_640.png","url":"https:\/\/www.onidou.fr\/wp-content\/uploads\/myanmar-5204381_640.png","height":0,"width":0},"keywords":null}]}